{"id":60627,"date":"2025-11-01T20:14:38","date_gmt":"2025-11-02T00:14:38","guid":{"rendered":"https:\/\/first.global\/?p=60627"},"modified":"2025-11-12T09:19:59","modified_gmt":"2025-11-12T14:19:59","slug":"a-beautiful-week-in-panama-the-2025-first-global-challenge-concludes-awards-announced","status":"publish","type":"post","link":"https:\/\/first.global\/pt\/press-releases\/a-beautiful-week-in-panama-the-2025-first-global-challenge-concludes-awards-announced\/","title":{"rendered":"Uma bela semana no Panam\u00e1: O FIRST Global Challenge 2025 \u00e9 conclu\u00eddo e os pr\u00eamios s\u00e3o anunciados"},"content":{"rendered":"<p><b>Cidade do Panam\u00e1, Panam\u00e1 - 1 de novembro de 2025 -<\/b><span style=\"font-weight: 400;\"> Ap\u00f3s quatro dias de competi\u00e7\u00e3o, colabora\u00e7\u00e3o e interc\u00e2mbio cultural, o 2025 <\/span><i><span style=\"font-weight: 400;\">FIRST <\/span><\/i><span style=\"font-weight: 400;\">O Global Challenge foi conclu\u00eddo com uma demonstra\u00e7\u00e3o surpreendente de talento, inova\u00e7\u00e3o e unidade global. Com base no tema <\/span><i><span style=\"font-weight: 400;\">Eco Equilibrium<\/span><\/i><span style=\"font-weight: 400;\">Com foco na biodiversidade, a competi\u00e7\u00e3o reuniu a pr\u00f3xima gera\u00e7\u00e3o de l\u00edderes STEM de 191 pa\u00edses para o desafio de rob\u00f3tica mais internacional do mundo. O Patrocinador Principal do 2025 <\/span><i><span style=\"font-weight: 400;\">FIRST <\/span><\/i><span style=\"font-weight: 400;\">O Global Challenge foi a Lam Research.<\/span><\/p>\n<p><span style=\"font-weight: 400;\">O desafio deste ano exigiu que os participantes conduzissem seus rob\u00f4s por um mundo rico e simulado para restaurar cuidadosamente os habitats, manter o equil\u00edbrio ecol\u00f3gico e proteger as esp\u00e9cies vulner\u00e1veis, enfatizando os sistemas delicados que sustentam nosso planeta e o papel fundamental que a inova\u00e7\u00e3o desempenha em sua sobreviv\u00eancia. Al\u00e9m disso, as equipes tamb\u00e9m participaram do <\/span><i><span style=\"font-weight: 400;\">Eco Equilibrium<\/span><\/i><span style=\"font-weight: 400;\"> - New Technology Experience (NTE), desenvolvendo projetos que usam tecnologias emergentes para proteger a biodiversidade e promover solu\u00e7\u00f5es sustent\u00e1veis em suas pr\u00f3prias comunidades.<\/span><\/p>\n<p><span style=\"font-weight: 400;\">Esse evento n\u00e3o teria sido poss\u00edvel sem o apoio de <\/span><i><span style=\"font-weight: 400;\">FIRST <\/span><\/i><span style=\"font-weight: 400;\">Global, incluindo o governo da Rep\u00fablica do Panam\u00e1 e a organiza\u00e7\u00e3o local de educa\u00e7\u00e3o STEAM sem fins lucrativos FUNDESTEAM. A Ministra do Turismo do Panam\u00e1, Gloria de Le\u00f3n, disse sobre o evento: \"Ter mentes jovens brilhantes de mais de 190 pa\u00edses reunidas no Panam\u00e1 \u00e9 uma verdadeira fonte de orgulho. Esse evento vai al\u00e9m da competi\u00e7\u00e3o, deixando um legado que inspira as novas gera\u00e7\u00f5es a se dedicarem \u00e0 ci\u00eancia e \u00e0 rob\u00f3tica. Nosso pa\u00eds se apresenta ao mundo como uma na\u00e7\u00e3o vibrante, onde a natureza, a cultura e a tecnologia coexistem em harmonia, posicionando o Panam\u00e1 como um centro global de conhecimento, sustentabilidade e eventos internacionais.\"<\/span><\/p>\n<p><span style=\"font-weight: 400;\">Marvin Castillo, fundador e presidente da FUNDESTEAM, falou sobre o evento: \"Em nome da FUNDESTEAM, expressamos nosso imenso orgulho em sediar o <\/span><i><span style=\"font-weight: 400;\">FIRST <\/span><\/i><span style=\"font-weight: 400;\">Desafio Global 2025 no Panam\u00e1. De 29 de outubro a 1\u00ba de novembro, recebemos mais de 190 pa\u00edses em um evento extraordin\u00e1rio que transformou o Panam\u00e1 no epicentro mundial da inova\u00e7\u00e3o juvenil. Testemunhar milhares de jovens colaborando apaixonadamente no desafio 'Eco Equilibrium' foi uma inspira\u00e7\u00e3o, solidificando nosso pa\u00eds como um centro de educa\u00e7\u00e3o STEAM e plantando uma semente de mudan\u00e7a e coopera\u00e7\u00e3o para o futuro.\"<\/span><\/p>\n<p><span style=\"font-weight: 400;\">Mais de 20 pr\u00eamios foram concedidos a equipes com base no desempenho de seus rob\u00f4s, seus esfor\u00e7os para promover a educa\u00e7\u00e3o STEM, fomentar a colabora\u00e7\u00e3o internacional e exemplificar <\/span><i><span style=\"font-weight: 400;\">FIRST <\/span><\/i><span style=\"font-weight: 400;\">Os valores fundamentais da Global. Veja abaixo a lista completa dos vencedores do pr\u00eamio, juntamente com cita\u00e7\u00f5es selecionadas dos alunos premiados. Encontre as descri\u00e7\u00f5es de cada categoria de pr\u00eamio aqui.<\/span><\/p>\n<p><b>Pr\u00eamio Albert Einstein para <em>FIRST<\/em> Global International Excellence (vencedor geral)<\/b><\/p>\n<p><span style=\"font-weight: 400;\">Ouro: Cazaquist\u00e3o<\/span><\/p>\n<p><span style=\"font-weight: 400;\">Prata: Aruba<\/span><\/p>\n<p><span style=\"font-weight: 400;\">Bronze: L\u00edbano<\/span><\/p>\n<p><span style=\"font-weight: 400;\">A equipe do Cazaquist\u00e3o, que foi a equipe que mais pontuou no #1 por quatro anos consecutivos, disse: \"Come\u00e7ando do 8\u00ba lugar em 2017, temos nos esfor\u00e7ado todos os anos para alcan\u00e7ar novos patamares. Para n\u00f3s, n\u00e3o se trata de ganhar medalhas - trata-se de crescer juntos, construir um futuro melhor por meio da coopera\u00e7\u00e3o e representar o Cazaquist\u00e3o como l\u00edder em inova\u00e7\u00e3o. Nosso grande sonho \u00e9 sediar o FIRST Global 2027 e receber nossa fam\u00edlia mundial em nossa bela terra natal!\"<\/span><\/p>\n<p><b><em>FIRST<\/em> Alian\u00e7as vencedoras globais (finais de torneios)<\/b><\/p>\n<p><span style=\"font-weight: 400;\">Ouro: Venezuela, M\u00e9xico, Panam\u00e1, Camar\u00f5es<\/span><\/p>\n<p><span style=\"font-weight: 400;\">Prata: S\u00e9rvia, Litu\u00e2nia, Malta, Qu\u00eania<\/span><\/p>\n<p><span style=\"font-weight: 400;\">Bronze: Cazaquist\u00e3o, Aruba, Bol\u00edvia, Jamaica<\/span><\/p>\n<p>Equipe da Jamaica, que superou imensos obst\u00e1culos para participar da <em>FIRST<\/em> O senhor, que participou do Global Challenge durante os estragos do furac\u00e3o Melissa, disse: \"Este pr\u00eamio significa mais do que um pr\u00eamio e uma medalha. Ele mostra a resili\u00eancia e a diversidade da Jamaica, que se destaca ap\u00f3s meses de trabalho \u00e1rduo.\"<\/p>\n<p><b><em>FIRST<\/em> Pr\u00eamio Global Grand Challenge (Maior n\u00famero de pontos marcados em todo o torneio)<\/b><\/p>\n<p><span style=\"font-weight: 400;\">Ouro: Cazaquist\u00e3o<\/span><\/p>\n<p><span style=\"font-weight: 400;\">Prata: Venezuela<\/span><\/p>\n<p><span style=\"font-weight: 400;\">Bronze: Rep\u00fablica Popular da China<\/span><\/p>\n<p><span style=\"font-weight: 400;\">A Equipe da Rep\u00fablica Popular da China, que conquistou o bronze no <\/span><i><span style=\"font-weight: 400;\">FIRST <\/span><\/i><span style=\"font-weight: 400;\">Global Grand Challenge Award pelo segundo ano consecutivo, disse: \"<\/span>Estamos animados para publicar nas m\u00eddias sociais para que as equipes possam continuar a fazer isso e alcan\u00e7ar mais estudantes na China e compartilhar nossa hist\u00f3ria para que eles tamb\u00e9m possam fazer isso!<span style=\"font-weight: 400;\">\"<\/span><\/p>\n<p><b>Pr\u00eamio Innovator (experi\u00eancia em novas tecnologias)<\/b><\/p>\n<p><span style=\"font-weight: 400;\">Ouro: Emirados \u00c1rabes Unidos<\/span><\/p>\n<p><span style=\"font-weight: 400;\">Prata: Rep\u00fablica Isl\u00e2mica do Ir\u00e3<\/span><\/p>\n<p><span style=\"font-weight: 400;\">Bronze: Col\u00f4mbia<\/span><\/p>\n<p><span style=\"font-weight: 400;\">A equipe dos Emirados \u00c1rabes Unidos, cujo projeto NTE foi intitulado \"Semi-Permeable Sodium Alginate Hydrogels for Cell and Genetic Preservation\" (Hidrog\u00e9is de alginato de s\u00f3dio semiperme\u00e1veis para preserva\u00e7\u00e3o celular e gen\u00e9tica), disse: \"Acho que podemos democratizar a preserva\u00e7\u00e3o celular para todos e torn\u00e1-la acess\u00edvel a qualquer pessoa em qualquer parte do mundo\".<\/span><\/p>\n<p><b>Pr\u00eamio Zhang Heng de Design de Engenharia<\/b><\/p>\n<p><span style=\"font-weight: 400;\">Ouro: M\u00e9xico<\/span><\/p>\n<p><span style=\"font-weight: 400;\">Prata: Espanha<\/span><\/p>\n<p><span style=\"font-weight: 400;\">Bronze: Gr\u00e9cia<\/span><\/p>\n<p><span style=\"font-weight: 400;\">A equipe da Gr\u00e9cia, que no ano passado foi a anfitri\u00e3 da Copa do Mundo de 2024 <em>FIRST<\/em> Global Challenge, disse: \"N\u00f3s sempre continuaremos e nunca desistiremos. Acreditamos que a inova\u00e7\u00e3o e o STEM s\u00e3o o futuro e vamos vencer isso quando pudermos. Encontraremos todas as maneiras de promov\u00ea-lo\".<\/span><\/p>\n<p><b>Pr\u00eamio Ustad Ahmad Lahori de Inova\u00e7\u00e3o em Engenharia<\/b><\/p>\n<p><span style=\"font-weight: 400;\">Ouro: Mold\u00e1via<\/span><\/p>\n<p><span style=\"font-weight: 400;\">Prata: China<\/span><\/p>\n<p><span style=\"font-weight: 400;\">Bronze: Indon\u00e9sia<\/span><\/p>\n<p><b>Pr\u00eamio Dra. Mae Jemison para a Unidade Internacional<\/b><\/p>\n<p><span style=\"font-weight: 400;\">Ouro: Canad\u00e1<\/span><\/p>\n<p><span style=\"font-weight: 400;\">Prata: Peru<\/span><\/p>\n<p><span style=\"font-weight: 400;\">Bronze: Nig\u00e9ria<\/span><\/p>\n<p><span style=\"font-weight: 400;\">A Equipe do Canad\u00e1, que recebeu o pr\u00eamio por seu trabalho de derrubar barreiras \u00e0 educa\u00e7\u00e3o STEM, disse: \"O mais importante \u00e9 quem representamos, porque viemos de uma origem muito pobre. \u00c9 desse ambiente pobre que surgem as grandes ideias. Embora n\u00e3o tenhamos tido todas as chances que as pessoas t\u00eam, ainda assim conseguimos\".<\/span><\/p>\n<p><b>Pr\u00eamio Rajaa Cherkaoui El Moursli por Realiza\u00e7\u00e3o Corajosa<\/b><\/p>\n<p><span style=\"font-weight: 400;\">Ouro: Madagascar<\/span><\/p>\n<p><span style=\"font-weight: 400;\">Prata: Ir\u00e3<\/span><\/p>\n<p><span style=\"font-weight: 400;\">Bronze: Lib\u00e9ria<\/span><\/p>\n<p><span style=\"font-weight: 400;\">A Equipe Madagascar, cuja vit\u00f3ria representa a atitude de \"poder fazer\" valorizada na <\/span><i><span style=\"font-weight: 400;\">FIRST <\/span><\/i><span style=\"font-weight: 400;\">Global, disse: \"Estamos muito felizes. \u00c9 inacredit\u00e1vel. Com nossa classifica\u00e7\u00e3o e partida, fomos muito mal porque tivemos que enfrentar muitas crises durante os preparativos, ent\u00e3o \u00e9 uma honra receber uma medalha de ouro, mas tamb\u00e9m \u00e9 muito especial. \u00c9 realmente uma surpresa\".<\/span><\/p>\n<p><b>Pr\u00eamio Jackie Bezos para Entusiasmo Internacional<\/b><\/p>\n<p><span style=\"font-weight: 400;\">Ouro: Venezuela<\/span><\/p>\n<p><span style=\"font-weight: 400;\">Prata: Vietn\u00e3<\/span><\/p>\n<p><span style=\"font-weight: 400;\">Bronze: Panam\u00e1<\/span><\/p>\n<p><span style=\"font-weight: 400;\">Equipe do Panam\u00e1, representando o pa\u00eds anfitri\u00e3o da Copa do Mundo de 2025 <\/span><i><span style=\"font-weight: 400;\">FIRST <\/span><\/i><span style=\"font-weight: 400;\">Global Challenge, disse: \"Vamos nos concentrar em nossa Funda\u00e7\u00e3o, em nossas escolas, promovendo STEM e promovendo a rob\u00f3tica como um esporte no Panam\u00e1 e al\u00e9m\".<\/span><\/p>\n<p><b>Pr\u00eamio dos ju\u00edzes<\/b><\/p>\n<p><span style=\"font-weight: 400;\">Ouro: Burkina Faso<\/span><\/p>\n<p><span style=\"font-weight: 400;\">Prata: Filipinas<\/span><\/p>\n<p><span style=\"font-weight: 400;\">Bronze: Zimb\u00e1bue<\/span><\/p>\n<p><span style=\"font-weight: 400;\">A Equipe Zimbabwe, que este ano foi composta inteiramente por alunos surdos ou com defici\u00eancia auditiva, disse: \"Estou muito feliz porque \u00e9 a primeira vez que estamos fazendo rob\u00f3tica e vindo para a <em>FIRST<\/em> Desafio global\".<\/span><\/p>\n<p><b>Pr\u00eamio Francisco Jos\u00e9 de Caldas de Excel\u00eancia em Sustentabilidade<\/b><\/p>\n<p><span style=\"font-weight: 400;\">Roberto Tovar<\/span><\/p>\n<p><span style=\"font-weight: 400;\">David Price<\/span><\/p>\n<p><span style=\"font-weight: 400;\">Heidi Lovett<\/span><\/p>\n<p><b>Mentores excepcionais<\/b><\/p>\n<p><span style=\"font-weight: 400;\">Tun\u00edsia: Faten Khalfallah<\/span><\/p>\n<p><span style=\"font-weight: 400;\">Eti\u00f3pia: Dagmawi Girum<\/span><\/p>\n<p><span style=\"font-weight: 400;\">Kosovo: Elita Hajrizi<\/span><\/p>\n<p><span style=\"font-weight: 400;\">N\u00edger: Daouda Hamadou<\/span><\/p>\n<p><span style=\"font-weight: 400;\">Filipinas: Beryl Jhan Cruz<\/span><\/p>\n<p><span style=\"font-weight: 400;\">\u00c1frica do Sul: Roxanne Reddy<\/span><\/p>\n<p><span style=\"font-weight: 400;\">Turkiye: Anil Cici<\/span><\/p>\n<p><span style=\"font-weight: 400;\">Camboja: Yuki Sato<\/span><\/p>\n<p><span style=\"font-weight: 400;\">Rom\u00eania:Annamaria Pop<\/span><\/p>\n<p><span style=\"font-weight: 400;\">Brasil: Nathany Santiago Machado<\/span><\/p>","protected":false},"excerpt":{"rendered":"<p>Cidade do Panam\u00e1, Panam\u00e1 - 1\u00ba de novembro de 2025 - Depois de quatro dias de competi\u00e7\u00e3o, colabora\u00e7\u00e3o e interc\u00e2mbio cultural, o FIRST Global Challenge 2025 foi conclu\u00eddo com uma demonstra\u00e7\u00e3o surpreendente de talento, inova\u00e7\u00e3o e unidade global. Com base no tema Eco Equilibrium (Equil\u00edbrio Ecol\u00f3gico), com foco na biodiversidade,...<\/p>","protected":false},"author":17,"featured_media":60628,"comment_status":"closed","ping_status":"open","sticky":false,"template":"","format":"standard","meta":{"give_campaign_id":0,"_crdt_document":"","_jetpack_memberships_contains_paid_content":false,"footnotes":""},"categories":[120],"tags":[],"class_list":["post-60627","post","type-post","status-publish","format-standard","has-post-thumbnail","hentry","category-press-releases"],"yoast_head":"<!-- This site is optimized with the Yoast SEO plugin v27.4 - https:\/\/yoast.com\/product\/yoast-seo-wordpress\/ -->\n<title>A Beautiful Week in Panama: The 2025 FIRST Global Challenge Concludes, Awards Announced - FIRST Global<\/title>\n<meta name=\"robots\" content=\"index, follow, max-snippet:-1, max-image-preview:large, max-video-preview:-1\" \/>\n<link rel=\"canonical\" href=\"https:\/\/first.global\/pt\/press-releases\/a-beautiful-week-in-panama-the-2025-first-global-challenge-concludes-awards-announced\/\" \/>\n<meta property=\"og:locale\" content=\"pt_BR\" \/>\n<meta property=\"og:type\" content=\"article\" \/>\n<meta property=\"og:title\" content=\"A Beautiful Week in Panama: The 2025 FIRST Global Challenge Concludes, Awards Announced - FIRST Global\" \/>\n<meta property=\"og:description\" content=\"Panama City, Panama \u2013 1 November, 2025 \u2013 After four days of competition, collaboration, and cultural exchange, the 2025 FIRST Global Challenge has concluded with an astounding display of talent, innovation, and global unity. Based on the theme Eco Equilibrium, with a focus on biodiversity,...\" \/>\n<meta property=\"og:url\" content=\"https:\/\/first.global\/pt\/press-releases\/a-beautiful-week-in-panama-the-2025-first-global-challenge-concludes-awards-announced\/\" \/>\n<meta property=\"og:site_name\" content=\"FIRST Global\" \/>\n<meta property=\"article:publisher\" content=\"http:\/\/facebook.com\/F1RSTglobal\" \/>\n<meta property=\"article:published_time\" content=\"2025-11-02T00:14:38+00:00\" \/>\n<meta property=\"article:modified_time\" content=\"2025-11-12T14:19:59+00:00\" \/>\n<meta property=\"og:image\" content=\"https:\/\/eadn-wc05-4108819.nxedge.io\/wp-content\/uploads\/2025\/11\/JS-OC-46.jpg\" \/>\n\t<meta property=\"og:image:width\" content=\"2000\" \/>\n\t<meta property=\"og:image:height\" content=\"1333\" \/>\n\t<meta property=\"og:image:type\" content=\"image\/jpeg\" \/>\n<meta name=\"author\" content=\"FIRST Global\" \/>\n<meta name=\"twitter:card\" content=\"summary_large_image\" \/>\n<meta name=\"twitter:creator\" content=\"@F1RSTglobal\" \/>\n<meta name=\"twitter:site\" content=\"@F1RSTglobal\" \/>\n<meta name=\"twitter:label1\" content=\"Escrito por\" \/>\n\t<meta name=\"twitter:data1\" content=\"FIRST Global\" \/>\n\t<meta name=\"twitter:label2\" content=\"Est. tempo de leitura\" \/>\n\t<meta name=\"twitter:data2\" content=\"5 minutos\" \/>\n<script type=\"application\/ld+json\" class=\"yoast-schema-graph\">{\"@context\":\"https:\\\/\\\/schema.org\",\"@graph\":[{\"@type\":\"Article\",\"@id\":\"https:\\\/\\\/first.global\\\/press-releases\\\/a-beautiful-week-in-panama-the-2025-first-global-challenge-concludes-awards-announced\\\/#article\",\"isPartOf\":{\"@id\":\"https:\\\/\\\/first.global\\\/press-releases\\\/a-beautiful-week-in-panama-the-2025-first-global-challenge-concludes-awards-announced\\\/\"},\"author\":{\"name\":\"FIRST Global\",\"@id\":\"https:\\\/\\\/first.global\\\/#\\\/schema\\\/person\\\/db96691394aedc30f6b9ea2dea7219b1\"},\"headline\":\"A Beautiful Week in Panama: The 2025 FIRST Global Challenge Concludes, Awards Announced\",\"datePublished\":\"2025-11-02T00:14:38+00:00\",\"dateModified\":\"2025-11-12T14:19:59+00:00\",\"mainEntityOfPage\":{\"@id\":\"https:\\\/\\\/first.global\\\/press-releases\\\/a-beautiful-week-in-panama-the-2025-first-global-challenge-concludes-awards-announced\\\/\"},\"wordCount\":1059,\"publisher\":{\"@id\":\"https:\\\/\\\/first.global\\\/#organization\"},\"image\":{\"@id\":\"https:\\\/\\\/first.global\\\/press-releases\\\/a-beautiful-week-in-panama-the-2025-first-global-challenge-concludes-awards-announced\\\/#primaryimage\"},\"thumbnailUrl\":\"https:\\\/\\\/i0.wp.com\\\/first.global\\\/wp-content\\\/uploads\\\/2025\\\/11\\\/JS-OC-46.jpg?fit=2000%2C1333&ssl=1\",\"articleSection\":[\"Press Releases\"],\"inLanguage\":\"pt-BR\"},{\"@type\":\"WebPage\",\"@id\":\"https:\\\/\\\/first.global\\\/press-releases\\\/a-beautiful-week-in-panama-the-2025-first-global-challenge-concludes-awards-announced\\\/\",\"url\":\"https:\\\/\\\/first.global\\\/press-releases\\\/a-beautiful-week-in-panama-the-2025-first-global-challenge-concludes-awards-announced\\\/\",\"name\":\"A Beautiful Week in Panama: The 2025 FIRST Global Challenge Concludes, Awards Announced - FIRST Global\",\"isPartOf\":{\"@id\":\"https:\\\/\\\/first.global\\\/#website\"},\"primaryImageOfPage\":{\"@id\":\"https:\\\/\\\/first.global\\\/press-releases\\\/a-beautiful-week-in-panama-the-2025-first-global-challenge-concludes-awards-announced\\\/#primaryimage\"},\"image\":{\"@id\":\"https:\\\/\\\/first.global\\\/press-releases\\\/a-beautiful-week-in-panama-the-2025-first-global-challenge-concludes-awards-announced\\\/#primaryimage\"},\"thumbnailUrl\":\"https:\\\/\\\/i0.wp.com\\\/first.global\\\/wp-content\\\/uploads\\\/2025\\\/11\\\/JS-OC-46.jpg?fit=2000%2C1333&ssl=1\",\"datePublished\":\"2025-11-02T00:14:38+00:00\",\"dateModified\":\"2025-11-12T14:19:59+00:00\",\"breadcrumb\":{\"@id\":\"https:\\\/\\\/first.global\\\/press-releases\\\/a-beautiful-week-in-panama-the-2025-first-global-challenge-concludes-awards-announced\\\/#breadcrumb\"},\"inLanguage\":\"pt-BR\",\"potentialAction\":[{\"@type\":\"ReadAction\",\"target\":[\"https:\\\/\\\/first.global\\\/press-releases\\\/a-beautiful-week-in-panama-the-2025-first-global-challenge-concludes-awards-announced\\\/\"]}]},{\"@type\":\"ImageObject\",\"inLanguage\":\"pt-BR\",\"@id\":\"https:\\\/\\\/first.global\\\/press-releases\\\/a-beautiful-week-in-panama-the-2025-first-global-challenge-concludes-awards-announced\\\/#primaryimage\",\"url\":\"https:\\\/\\\/i0.wp.com\\\/first.global\\\/wp-content\\\/uploads\\\/2025\\\/11\\\/JS-OC-46.jpg?fit=2000%2C1333&ssl=1\",\"contentUrl\":\"https:\\\/\\\/i0.wp.com\\\/first.global\\\/wp-content\\\/uploads\\\/2025\\\/11\\\/JS-OC-46.jpg?fit=2000%2C1333&ssl=1\",\"width\":2000,\"height\":1333},{\"@type\":\"BreadcrumbList\",\"@id\":\"https:\\\/\\\/first.global\\\/press-releases\\\/a-beautiful-week-in-panama-the-2025-first-global-challenge-concludes-awards-announced\\\/#breadcrumb\",\"itemListElement\":[{\"@type\":\"ListItem\",\"position\":1,\"name\":\"Home\",\"item\":\"https:\\\/\\\/first.global\\\/\"},{\"@type\":\"ListItem\",\"position\":2,\"name\":\"A Beautiful Week in Panama: The 2025 FIRST Global Challenge Concludes, Awards Announced\"}]},{\"@type\":\"WebSite\",\"@id\":\"https:\\\/\\\/first.global\\\/#website\",\"url\":\"https:\\\/\\\/first.global\\\/\",\"name\":\"FIRST Global\",\"description\":\"\",\"publisher\":{\"@id\":\"https:\\\/\\\/first.global\\\/#organization\"},\"potentialAction\":[{\"@type\":\"SearchAction\",\"target\":{\"@type\":\"EntryPoint\",\"urlTemplate\":\"https:\\\/\\\/first.global\\\/?s={search_term_string}\"},\"query-input\":{\"@type\":\"PropertyValueSpecification\",\"valueRequired\":true,\"valueName\":\"search_term_string\"}}],\"inLanguage\":\"pt-BR\"},{\"@type\":\"Organization\",\"@id\":\"https:\\\/\\\/first.global\\\/#organization\",\"name\":\"FIRST Global\",\"url\":\"https:\\\/\\\/first.global\\\/\",\"logo\":{\"@type\":\"ImageObject\",\"inLanguage\":\"pt-BR\",\"@id\":\"https:\\\/\\\/first.global\\\/#\\\/schema\\\/logo\\\/image\\\/\",\"url\":\"https:\\\/\\\/i0.wp.com\\\/first.global\\\/wp-content\\\/uploads\\\/2017\\\/10\\\/FG_Logo-black.png?fit=4656%2C1267&ssl=1\",\"contentUrl\":\"https:\\\/\\\/i0.wp.com\\\/first.global\\\/wp-content\\\/uploads\\\/2017\\\/10\\\/FG_Logo-black.png?fit=4656%2C1267&ssl=1\",\"width\":4656,\"height\":1267,\"caption\":\"FIRST Global\"},\"image\":{\"@id\":\"https:\\\/\\\/first.global\\\/#\\\/schema\\\/logo\\\/image\\\/\"},\"sameAs\":[\"http:\\\/\\\/facebook.com\\\/F1RSTglobal\",\"https:\\\/\\\/x.com\\\/F1RSTglobal\",\"http:\\\/\\\/instagram.com\\\/f1rstglobal\",\"https:\\\/\\\/www.linkedin.com\\\/company\\\/f1rst-global\",\"http:\\\/\\\/youtube.com\\\/@f1rstglobal\"]},{\"@type\":\"Person\",\"@id\":\"https:\\\/\\\/first.global\\\/#\\\/schema\\\/person\\\/db96691394aedc30f6b9ea2dea7219b1\",\"name\":\"FIRST Global\",\"url\":\"https:\\\/\\\/first.global\\\/pt\\\/author\\\/matt\\\/\"}]}<\/script>\n<!-- \/ Yoast SEO plugin. -->","yoast_head_json":{"title":"Uma bela semana no Panam\u00e1: O Desafio Global FIRST 2025 \u00e9 conclu\u00eddo e os pr\u00eamios s\u00e3o anunciados - FIRST Global","robots":{"index":"index","follow":"follow","max-snippet":"max-snippet:-1","max-image-preview":"max-image-preview:large","max-video-preview":"max-video-preview:-1"},"canonical":"https:\/\/first.global\/pt\/press-releases\/a-beautiful-week-in-panama-the-2025-first-global-challenge-concludes-awards-announced\/","og_locale":"pt_BR","og_type":"article","og_title":"A Beautiful Week in Panama: The 2025 FIRST Global Challenge Concludes, Awards Announced - FIRST Global","og_description":"Panama City, Panama \u2013 1 November, 2025 \u2013 After four days of competition, collaboration, and cultural exchange, the 2025 FIRST Global Challenge has concluded with an astounding display of talent, innovation, and global unity. Based on the theme Eco Equilibrium, with a focus on biodiversity,...","og_url":"https:\/\/first.global\/pt\/press-releases\/a-beautiful-week-in-panama-the-2025-first-global-challenge-concludes-awards-announced\/","og_site_name":"FIRST Global","article_publisher":"http:\/\/facebook.com\/F1RSTglobal","article_published_time":"2025-11-02T00:14:38+00:00","article_modified_time":"2025-11-12T14:19:59+00:00","og_image":[{"width":2000,"height":1333,"url":"https:\/\/eadn-wc05-4108819.nxedge.io\/wp-content\/uploads\/2025\/11\/JS-OC-46.jpg","type":"image\/jpeg"}],"author":"FIRST Global","twitter_card":"summary_large_image","twitter_creator":"@F1RSTglobal","twitter_site":"@F1RSTglobal","twitter_misc":{"Escrito por":"FIRST Global","Est. tempo de leitura":"5 minutos"},"schema":{"@context":"https:\/\/schema.org","@graph":[{"@type":"Article","@id":"https:\/\/first.global\/press-releases\/a-beautiful-week-in-panama-the-2025-first-global-challenge-concludes-awards-announced\/#article","isPartOf":{"@id":"https:\/\/first.global\/press-releases\/a-beautiful-week-in-panama-the-2025-first-global-challenge-concludes-awards-announced\/"},"author":{"name":"FIRST Global","@id":"https:\/\/first.global\/#\/schema\/person\/db96691394aedc30f6b9ea2dea7219b1"},"headline":"A Beautiful Week in Panama: The 2025 FIRST Global Challenge Concludes, Awards Announced","datePublished":"2025-11-02T00:14:38+00:00","dateModified":"2025-11-12T14:19:59+00:00","mainEntityOfPage":{"@id":"https:\/\/first.global\/press-releases\/a-beautiful-week-in-panama-the-2025-first-global-challenge-concludes-awards-announced\/"},"wordCount":1059,"publisher":{"@id":"https:\/\/first.global\/#organization"},"image":{"@id":"https:\/\/first.global\/press-releases\/a-beautiful-week-in-panama-the-2025-first-global-challenge-concludes-awards-announced\/#primaryimage"},"thumbnailUrl":"https:\/\/i0.wp.com\/first.global\/wp-content\/uploads\/2025\/11\/JS-OC-46.jpg?fit=2000%2C1333&ssl=1","articleSection":["Press Releases"],"inLanguage":"pt-BR"},{"@type":"WebPage","@id":"https:\/\/first.global\/press-releases\/a-beautiful-week-in-panama-the-2025-first-global-challenge-concludes-awards-announced\/","url":"https:\/\/first.global\/press-releases\/a-beautiful-week-in-panama-the-2025-first-global-challenge-concludes-awards-announced\/","name":"Uma bela semana no Panam\u00e1: O Desafio Global FIRST 2025 \u00e9 conclu\u00eddo e os pr\u00eamios s\u00e3o anunciados - FIRST Global","isPartOf":{"@id":"https:\/\/first.global\/#website"},"primaryImageOfPage":{"@id":"https:\/\/first.global\/press-releases\/a-beautiful-week-in-panama-the-2025-first-global-challenge-concludes-awards-announced\/#primaryimage"},"image":{"@id":"https:\/\/first.global\/press-releases\/a-beautiful-week-in-panama-the-2025-first-global-challenge-concludes-awards-announced\/#primaryimage"},"thumbnailUrl":"https:\/\/i0.wp.com\/first.global\/wp-content\/uploads\/2025\/11\/JS-OC-46.jpg?fit=2000%2C1333&ssl=1","datePublished":"2025-11-02T00:14:38+00:00","dateModified":"2025-11-12T14:19:59+00:00","breadcrumb":{"@id":"https:\/\/first.global\/press-releases\/a-beautiful-week-in-panama-the-2025-first-global-challenge-concludes-awards-announced\/#breadcrumb"},"inLanguage":"pt-BR","potentialAction":[{"@type":"ReadAction","target":["https:\/\/first.global\/press-releases\/a-beautiful-week-in-panama-the-2025-first-global-challenge-concludes-awards-announced\/"]}]},{"@type":"ImageObject","inLanguage":"pt-BR","@id":"https:\/\/first.global\/press-releases\/a-beautiful-week-in-panama-the-2025-first-global-challenge-concludes-awards-announced\/#primaryimage","url":"https:\/\/i0.wp.com\/first.global\/wp-content\/uploads\/2025\/11\/JS-OC-46.jpg?fit=2000%2C1333&ssl=1","contentUrl":"https:\/\/i0.wp.com\/first.global\/wp-content\/uploads\/2025\/11\/JS-OC-46.jpg?fit=2000%2C1333&ssl=1","width":2000,"height":1333},{"@type":"BreadcrumbList","@id":"https:\/\/first.global\/press-releases\/a-beautiful-week-in-panama-the-2025-first-global-challenge-concludes-awards-announced\/#breadcrumb","itemListElement":[{"@type":"ListItem","position":1,"name":"Home","item":"https:\/\/first.global\/"},{"@type":"ListItem","position":2,"name":"A Beautiful Week in Panama: The 2025 FIRST Global Challenge Concludes, Awards Announced"}]},{"@type":"WebSite","@id":"https:\/\/first.global\/#website","url":"https:\/\/first.global\/","name":"FIRST Global","description":"","publisher":{"@id":"https:\/\/first.global\/#organization"},"potentialAction":[{"@type":"SearchAction","target":{"@type":"EntryPoint","urlTemplate":"https:\/\/first.global\/?s={search_term_string}"},"query-input":{"@type":"PropertyValueSpecification","valueRequired":true,"valueName":"search_term_string"}}],"inLanguage":"pt-BR"},{"@type":"Organization","@id":"https:\/\/first.global\/#organization","name":"FIRST Global","url":"https:\/\/first.global\/","logo":{"@type":"ImageObject","inLanguage":"pt-BR","@id":"https:\/\/first.global\/#\/schema\/logo\/image\/","url":"https:\/\/i0.wp.com\/first.global\/wp-content\/uploads\/2017\/10\/FG_Logo-black.png?fit=4656%2C1267&ssl=1","contentUrl":"https:\/\/i0.wp.com\/first.global\/wp-content\/uploads\/2017\/10\/FG_Logo-black.png?fit=4656%2C1267&ssl=1","width":4656,"height":1267,"caption":"FIRST Global"},"image":{"@id":"https:\/\/first.global\/#\/schema\/logo\/image\/"},"sameAs":["http:\/\/facebook.com\/F1RSTglobal","https:\/\/x.com\/F1RSTglobal","http:\/\/instagram.com\/f1rstglobal","https:\/\/www.linkedin.com\/company\/f1rst-global","http:\/\/youtube.com\/@f1rstglobal"]},{"@type":"Person","@id":"https:\/\/first.global\/#\/schema\/person\/db96691394aedc30f6b9ea2dea7219b1","name":"FIRST Global","url":"https:\/\/first.global\/pt\/author\/matt\/"}]}},"jetpack_featured_media_url":"https:\/\/i0.wp.com\/first.global\/wp-content\/uploads\/2025\/11\/JS-OC-46.jpg?fit=2000%2C1333&ssl=1","jetpack_sharing_enabled":true,"jetpack_shortlink":"https:\/\/wp.me\/p9kXwL-fLR","jetpack-related-posts":[{"id":60865,"url":"https:\/\/first.global\/pt\/in-the-news\/ireland-8th-in-first-global-challenge-robotics-competition-2025\/","url_meta":{"origin":60627,"position":0},"title":"Irlanda em 8\u00ba lugar no FIRST Global Challenge Robotics Competition 2025","author":"FIRST Global","date":"novembro 17, 2025","format":false,"excerpt":"Cidade do Panam\u00e1, Panam\u00e1 - 29 de outubro a 1\u00ba de novembro - A equipe da Irlanda alcan\u00e7ou um excelente resultado no FIRST Global Challenge 2025, ficando em 8\u00ba lugar no mundo, a melhor coloca\u00e7\u00e3o j\u00e1 alcan\u00e7ada pela Irlanda. O evento, realizado este ano na Cidade do Panam\u00e1, reuniu as mentes jovens mais brilhantes em rob\u00f3tica,...","rel":"","context":"Em &quot;In the News&quot;","block_context":{"text":"In the News","link":"https:\/\/first.global\/pt\/category\/in-the-news\/"},"img":{"alt_text":"","src":"https:\/\/i0.wp.com\/first.global\/wp-content\/uploads\/2025\/06\/Ireland-2025.jpg?fit=1200%2C800&ssl=1&resize=350%2C200","width":350,"height":200,"srcset":"https:\/\/i0.wp.com\/first.global\/wp-content\/uploads\/2025\/06\/Ireland-2025.jpg?fit=1200%2C800&ssl=1&resize=350%2C200 1x, https:\/\/i0.wp.com\/first.global\/wp-content\/uploads\/2025\/06\/Ireland-2025.jpg?fit=1200%2C800&ssl=1&resize=525%2C300 1.5x, https:\/\/i0.wp.com\/first.global\/wp-content\/uploads\/2025\/06\/Ireland-2025.jpg?fit=1200%2C800&ssl=1&resize=700%2C400 2x, https:\/\/i0.wp.com\/first.global\/wp-content\/uploads\/2025\/06\/Ireland-2025.jpg?fit=1200%2C800&ssl=1&resize=1050%2C600 3x"},"classes":[]},{"id":34654,"url":"https:\/\/first.global\/pt\/press-releases\/panama-city-to-host-190-national-teams-at-the-2025-first-global-challenge-robotics-premier-global-competition\/","url_meta":{"origin":60627,"position":1},"title":"A Cidade do Panam\u00e1 receber\u00e1 mais de 190 equipes nacionais no FIRST Global Challenge 2025: A principal competi\u00e7\u00e3o global de rob\u00f3tica","author":"FIRST Global","date":"fevereiro 5, 2025","format":"video","excerpt":"WASHINGTON, DC 5 de fevereiro de 2025 - A FIRST Global, organiza\u00e7\u00e3o sem fins lucrativos dedicada ao avan\u00e7o da educa\u00e7\u00e3o em ci\u00eancia, tecnologia, engenharia e matem\u00e1tica (STEM) por meio da organiza\u00e7\u00e3o do evento de rob\u00f3tica mais internacional do mundo, tem o orgulho de anunciar que o FIRST Global Challenge 2025 ser\u00e1 realizado na Cidade do Panam\u00e1, Panam\u00e1, de 29 de outubro a 1\u00ba de novembro....","rel":"","context":"Em &quot;Press Releases&quot;","block_context":{"text":"Press Releases","link":"https:\/\/first.global\/pt\/category\/press-releases\/"},"img":{"alt_text":"","src":"https:\/\/i0.wp.com\/first.global\/wp-content\/uploads\/2025\/02\/DJI_20240926204032_0224_D-scaled.jpeg?fit=1200%2C899&ssl=1&resize=350%2C200","width":350,"height":200,"srcset":"https:\/\/i0.wp.com\/first.global\/wp-content\/uploads\/2025\/02\/DJI_20240926204032_0224_D-scaled.jpeg?fit=1200%2C899&ssl=1&resize=350%2C200 1x, https:\/\/i0.wp.com\/first.global\/wp-content\/uploads\/2025\/02\/DJI_20240926204032_0224_D-scaled.jpeg?fit=1200%2C899&ssl=1&resize=525%2C300 1.5x, https:\/\/i0.wp.com\/first.global\/wp-content\/uploads\/2025\/02\/DJI_20240926204032_0224_D-scaled.jpeg?fit=1200%2C899&ssl=1&resize=700%2C400 2x, https:\/\/i0.wp.com\/first.global\/wp-content\/uploads\/2025\/02\/DJI_20240926204032_0224_D-scaled.jpeg?fit=1200%2C899&ssl=1&resize=1050%2C600 3x"},"classes":[]},{"id":60859,"url":"https:\/\/first.global\/pt\/in-the-news\/dominican-students-to-represent-country-in-first-global-robotics-challenge-2025-in-panama\/","url_meta":{"origin":60627,"position":2},"title":"Estudantes dominicanos representar\u00e3o o pa\u00eds no FIRST Global Robotics Challenge 2025 no Panam\u00e1","author":"FIRST Global","date":"outubro 30, 2025","format":false,"excerpt":"A Dominica Robotics Association, apoiada por uma rede dedicada de patrocinadores e colaboradores da comunidade - incluindo Create Caribbean, NTRC, 767.Dev, Jaydees Naturals e Astaphans - anunciou que um grupo de estudantes dominicanos representar\u00e1 a na\u00e7\u00e3o no FIRST Global Robotics Challenge 2025 no Panam\u00e1. Uma declara\u00e7\u00e3o do grupo disse que...","rel":"","context":"Em &quot;In the News&quot;","block_context":{"text":"In the News","link":"https:\/\/first.global\/pt\/category\/in-the-news\/"},"img":{"alt_text":"","src":"https:\/\/i0.wp.com\/first.global\/wp-content\/uploads\/2025\/05\/Dominica-2025.jpg?fit=1017%2C940&ssl=1&resize=350%2C200","width":350,"height":200,"srcset":"https:\/\/i0.wp.com\/first.global\/wp-content\/uploads\/2025\/05\/Dominica-2025.jpg?fit=1017%2C940&ssl=1&resize=350%2C200 1x, https:\/\/i0.wp.com\/first.global\/wp-content\/uploads\/2025\/05\/Dominica-2025.jpg?fit=1017%2C940&ssl=1&resize=525%2C300 1.5x, https:\/\/i0.wp.com\/first.global\/wp-content\/uploads\/2025\/05\/Dominica-2025.jpg?fit=1017%2C940&ssl=1&resize=700%2C400 2x"},"classes":[]},{"id":40424,"url":"https:\/\/first.global\/pt\/press-releases\/190-nations-unite-in-panama-for-youth-robotics-tournament-international-celebration-at-2025-first-global-challenge\/","url_meta":{"origin":60627,"position":3},"title":"Mais de 190 na\u00e7\u00f5es se re\u00fanem no Panam\u00e1 para o Torneio de Rob\u00f3tica Juvenil, celebra\u00e7\u00e3o internacional do FIRST Global Challenge 2025","author":"FIRST Global","date":"setembro 29, 2025","format":false,"excerpt":"Cidade do Panam\u00e1, Panam\u00e1 - A FIRST Global, a organiza\u00e7\u00e3o sem fins lucrativos dedicada a inspirar a educa\u00e7\u00e3o em ci\u00eancia, tecnologia, engenharia e matem\u00e1tica (STEM) em todo o mundo, tem o prazer de alertar o mundo de que o FIRST Global Challenge 2025 est\u00e1 chegando \u00e0 Cidade do Panam\u00e1, Panam\u00e1, de 29 de outubro a 1\u00ba de novembro de 2025, no Centro de Conven\u00e7\u00f5es do Panam\u00e1. Esse...","rel":"","context":"Em &quot;Press Releases&quot;","block_context":{"text":"Press Releases","link":"https:\/\/first.global\/pt\/category\/press-releases\/"},"img":{"alt_text":"","src":"https:\/\/i0.wp.com\/first.global\/wp-content\/uploads\/2025\/09\/FG-268-edit-2-scaled.jpg?fit=1200%2C751&ssl=1&resize=350%2C200","width":350,"height":200,"srcset":"https:\/\/i0.wp.com\/first.global\/wp-content\/uploads\/2025\/09\/FG-268-edit-2-scaled.jpg?fit=1200%2C751&ssl=1&resize=350%2C200 1x, https:\/\/i0.wp.com\/first.global\/wp-content\/uploads\/2025\/09\/FG-268-edit-2-scaled.jpg?fit=1200%2C751&ssl=1&resize=525%2C300 1.5x, https:\/\/i0.wp.com\/first.global\/wp-content\/uploads\/2025\/09\/FG-268-edit-2-scaled.jpg?fit=1200%2C751&ssl=1&resize=700%2C400 2x, https:\/\/i0.wp.com\/first.global\/wp-content\/uploads\/2025\/09\/FG-268-edit-2-scaled.jpg?fit=1200%2C751&ssl=1&resize=1050%2C600 3x"},"classes":[]},{"id":60941,"url":"https:\/\/first.global\/pt\/in-the-news\/kenyan-high-school-students-emerge-second-in-the-first-global-robotics-challenge-2025\/","url_meta":{"origin":60627,"position":4},"title":"Estudantes quenianos do ensino m\u00e9dio ficam em segundo lugar no FIRST Global Robotics Challenge 2025","author":"FIRST Global","date":"novembro 3, 2025","format":false,"excerpt":"Uma equipe de estudantes quenianos conquistou uma medalha de prata no Desafio Global de Rob\u00f3tica 2025 da For Inspiration and Recognition of Science and Technology (FIRST). A equipe, formada por alunos do ensino m\u00e9dio, participou da competi\u00e7\u00e3o de segunda-feira, 27 de outubro, at\u00e9 s\u00e1bado, 1\u00ba de novembro, na Cidade do Panam\u00e1, Panam\u00e1.","rel":"","context":"Em &quot;In the News&quot;","block_context":{"text":"In the News","link":"https:\/\/first.global\/pt\/category\/in-the-news\/"},"img":{"alt_text":"","src":"https:\/\/i0.wp.com\/first.global\/wp-content\/uploads\/2025\/07\/Kenya-2025.jpg?fit=1200%2C800&ssl=1&resize=350%2C200","width":350,"height":200,"srcset":"https:\/\/i0.wp.com\/first.global\/wp-content\/uploads\/2025\/07\/Kenya-2025.jpg?fit=1200%2C800&ssl=1&resize=350%2C200 1x, https:\/\/i0.wp.com\/first.global\/wp-content\/uploads\/2025\/07\/Kenya-2025.jpg?fit=1200%2C800&ssl=1&resize=525%2C300 1.5x, https:\/\/i0.wp.com\/first.global\/wp-content\/uploads\/2025\/07\/Kenya-2025.jpg?fit=1200%2C800&ssl=1&resize=700%2C400 2x, https:\/\/i0.wp.com\/first.global\/wp-content\/uploads\/2025\/07\/Kenya-2025.jpg?fit=1200%2C800&ssl=1&resize=1050%2C600 3x"},"classes":[]},{"id":60956,"url":"https:\/\/first.global\/pt\/in-the-news\/team-haiti-at-the-first-global-challenge\/","url_meta":{"origin":60627,"position":5},"title":"Equipe Haiti no FIRST Global Challenge","author":"FIRST Global","date":"outubro 30, 2025","format":false,"excerpt":"O Minist\u00e9rio da Juventude anuncia que a Equipe Haiti, composta por jovens de 17 a 18 anos, representar\u00e1 o Haiti no FIRST Global Challenge 2025, uma competi\u00e7\u00e3o internacional de rob\u00f3tica que re\u00fane jovens de todo o mundo desde 2016. A competi\u00e7\u00e3o ocorrer\u00e1 de 29 de outubro a...","rel":"","context":"Em &quot;In the News&quot;","block_context":{"text":"In the News","link":"https:\/\/first.global\/pt\/category\/in-the-news\/"},"img":{"alt_text":"","src":"https:\/\/i0.wp.com\/first.global\/wp-content\/uploads\/2025\/07\/Haiti-2025.jpg?fit=1200%2C900&ssl=1&resize=350%2C200","width":350,"height":200,"srcset":"https:\/\/i0.wp.com\/first.global\/wp-content\/uploads\/2025\/07\/Haiti-2025.jpg?fit=1200%2C900&ssl=1&resize=350%2C200 1x, https:\/\/i0.wp.com\/first.global\/wp-content\/uploads\/2025\/07\/Haiti-2025.jpg?fit=1200%2C900&ssl=1&resize=525%2C300 1.5x, https:\/\/i0.wp.com\/first.global\/wp-content\/uploads\/2025\/07\/Haiti-2025.jpg?fit=1200%2C900&ssl=1&resize=700%2C400 2x, https:\/\/i0.wp.com\/first.global\/wp-content\/uploads\/2025\/07\/Haiti-2025.jpg?fit=1200%2C900&ssl=1&resize=1050%2C600 3x"},"classes":[]}],"_links":{"self":[{"href":"https:\/\/first.global\/pt\/wp-json\/wp\/v2\/posts\/60627","targetHints":{"allow":["GET"]}}],"collection":[{"href":"https:\/\/first.global\/pt\/wp-json\/wp\/v2\/posts"}],"about":[{"href":"https:\/\/first.global\/pt\/wp-json\/wp\/v2\/types\/post"}],"author":[{"embeddable":true,"href":"https:\/\/first.global\/pt\/wp-json\/wp\/v2\/users\/17"}],"replies":[{"embeddable":true,"href":"https:\/\/first.global\/pt\/wp-json\/wp\/v2\/comments?post=60627"}],"version-history":[{"count":9,"href":"https:\/\/first.global\/pt\/wp-json\/wp\/v2\/posts\/60627\/revisions"}],"predecessor-version":[{"id":60750,"href":"https:\/\/first.global\/pt\/wp-json\/wp\/v2\/posts\/60627\/revisions\/60750"}],"wp:featuredmedia":[{"embeddable":true,"href":"https:\/\/first.global\/pt\/wp-json\/wp\/v2\/media\/60628"}],"wp:attachment":[{"href":"https:\/\/first.global\/pt\/wp-json\/wp\/v2\/media?parent=60627"}],"wp:term":[{"taxonomy":"category","embeddable":true,"href":"https:\/\/first.global\/pt\/wp-json\/wp\/v2\/categories?post=60627"},{"taxonomy":"post_tag","embeddable":true,"href":"https:\/\/first.global\/pt\/wp-json\/wp\/v2\/tags?post=60627"}],"curies":[{"name":"wp","href":"https:\/\/api.w.org\/{rel}","templated":true}]}}